{"id":3380,"date":"2024-11-05T15:22:54","date_gmt":"2024-11-05T14:22:54","guid":{"rendered":"https:\/\/scana.no\/?post_type=news&#038;p=3380"},"modified":"2024-11-05T15:28:30","modified_gmt":"2024-11-05T14:28:30","slug":"invitasjon-til-investorweb-presentasjon","status":"publish","type":"news","link":"https:\/\/scana.no\/no\/news\/invitasjon-til-investorweb-presentasjon\/","title":{"rendered":"Invitasjon til Investorweb presentasjon"},"content":{"rendered":"\n<p>Scana ASA vil holde en presentasjon og delta i en Q&amp;A-sesjon i regi av Investorweb tirsdag 12. november 2024. Presentasjonen holdes av P\u00e5l Selvik, konsernsjef og Torvald Ulland Reiestad, finansdirekt\u00f8r. Q&amp;A-sesjonen vil bli moderert av Christopher M\u00f8llerl\u00f8kken, finansanalytiker i Sparebank 1 Markets.<\/p>\n\n\n\n<p><strong>Informasjon om arrangementet:<\/strong><\/p>\n\n\n\n<p>Dato: Tirsdag 12. november 2024<\/p>\n\n\n\n<p>Tid: 14:00 CET<\/p>\n\n\n\n<p>Sted: Online via <a href=\"https:\/\/eur01.safelinks.protection.outlook.com\/?url=http%3A%2F%2Fir.investorweb.no%2Fscana&amp;data=05%7C02%7Canette.dybvik%40scana.no%7C466bc075401544a4b75508dcfd9f3191%7C30fb2d84919745ce919194efb765a32d%7C0%7C0%7C638664107423750631%7CUnknown%7CTWFpbGZsb3d8eyJWIjoiMC4wLjAwMDAiLCJQIjoiV2luMzIiLCJBTiI6Ik1haWwiLCJXVCI6Mn0%3D%7C0%7C%7C%7C&amp;sdata=jDCqHPl1kdtssxMv9lRdARvP3C6hhr9wDRsSU%2F7krLs%3D&amp;reserved=0\" target=\"_blank\" rel=\"noreferrer noopener\">ir.investorweb.no\/scana<\/a><\/p>\n\n\n\n<p>For \u00e5 sende inn sp\u00f8rsm\u00e5l f\u00f8r, under eller etter presentasjonen, vennligst anvend sp\u00f8rsm\u00e5l og svar-funksjonaliteten p\u00e5 ir.investorweb.no\/scana. En chat-funksjon vil ogs\u00e5 v\u00e6re tilgjengelig under presentasjonen.<\/p>\n\n\n\n<p>Seere kan registrere seg p\u00e5 forh\u00e5nd via denne lenken for \u00e5 motta en e-postp\u00e5minnelse f\u00f8r webcasten starter. Hvis du ikke kan delta p\u00e5 den direktesendte webcasten, vil et opptak bli sendt til deg p\u00e5 e-post etterp\u00e5.<\/p>\n\n\n\n<p>Investorweb presentasjonen vil v\u00e6re tilgjengelig p\u00e5 denne lenken: <a href=\"https:\/\/investorweb.no\/ir-channel\/SCANA\/event\/af22eb97-1bc2-4ee2-b8da-e9fdd21ad0f1\">https:\/\/investorweb.no\/ir-channel\/SCANA\/event\/af22eb97-1bc2-4ee2-b8da-e9fdd21ad0f1<\/a><\/p>\n\n\n\n<p>Presentasjonen vil bli tatt opp og gjort tilgjengelig i etterkant.<\/p>\n\n\n\n<p><strong>For ytterligere informasjon, vennligst kontakt:<\/strong><\/p>\n\n\n\n<p>Anette Netteland Dybvik, Head of Investor Relations and Communication, +47 416 67&nbsp;787<\/p>\n","protected":false},"excerpt":{"rendered":"<p>Scana ASA vil holde en presentasjon og delta i en Q&amp;A-sesjon i regi av Investorweb tirsdag 12. november 2024. <\/p>\n","protected":false},"author":164,"featured_media":3379,"parent":0,"template":"","meta":{"_acf_changed":true,"inline_featured_image":false},"categories":[],"news_type":[41],"class_list":["post-3380","news","type-news","status-publish","has-post-thumbnail","hentry","news_type-borsmelding"],"acf":[],"jetpack_sharing_enabled":true,"_links":{"self":[{"href":"https:\/\/scana.no\/no\/wp-json\/wp\/v2\/news\/3380","targetHints":{"allow":["GET"]}}],"collection":[{"href":"https:\/\/scana.no\/no\/wp-json\/wp\/v2\/news"}],"about":[{"href":"https:\/\/scana.no\/no\/wp-json\/wp\/v2\/types\/news"}],"author":[{"embeddable":true,"href":"https:\/\/scana.no\/no\/wp-json\/wp\/v2\/users\/164"}],"wp:featuredmedia":[{"embeddable":true,"href":"https:\/\/scana.no\/no\/wp-json\/wp\/v2\/media\/3379"}],"wp:attachment":[{"href":"https:\/\/scana.no\/no\/wp-json\/wp\/v2\/media?parent=3380"}],"wp:term":[{"taxonomy":"category","embeddable":true,"href":"https:\/\/scana.no\/no\/wp-json\/wp\/v2\/categories?post=3380"},{"taxonomy":"news_type","embeddable":true,"href":"https:\/\/scana.no\/no\/wp-json\/wp\/v2\/news_type?post=3380"}],"curies":[{"name":"wp","href":"https:\/\/api.w.org\/{rel}","templated":true}]}}