{"id":3619,"date":"2025-03-04T10:07:13","date_gmt":"2025-03-04T09:07:13","guid":{"rendered":"https:\/\/scana.no\/?post_type=news&#038;p=3619"},"modified":"2025-03-04T10:09:40","modified_gmt":"2025-03-04T09:09:40","slug":"meldepliktig-handel-for-primaerinnsidere","status":"publish","type":"news","link":"https:\/\/scana.no\/no\/news\/meldepliktig-handel-for-primaerinnsidere\/","title":{"rendered":"Meldepliktig handel for prim\u00e6rinnsidere"},"content":{"rendered":"\n<p>Prim\u00e6rinnsider P\u00e5l Selvik, konsernsjef i Scana ASA, har 4. mars 2025 kj\u00f8pt 150 000 aksjer i Scana ASA til en snittkurs \u00e0 NOK 2,15 per aksje. Etter denne transaksjonen eier P\u00e5l Selvik totalt 150 000 aksjer i Scana ASA.<\/p>\n","protected":false},"excerpt":{"rendered":"<p>Prim\u00e6rinnsider P\u00e5l Selvik, konsernsjef i Scana ASA, har 4. mars 2025 kj\u00f8pt 150 000 aksjer i Scana ASA til en snittkurs \u00e0 NOK 2,15 per aksje. Etter denne transaksjonen eier P\u00e5l Selvik totalt 150 000 aksjer i Scana ASA.<\/p>\n","protected":false},"author":164,"featured_media":2932,"parent":0,"template":"","meta":{"_acf_changed":true,"inline_featured_image":false},"categories":[],"news_type":[41],"class_list":["post-3619","news","type-news","status-publish","has-post-thumbnail","hentry","news_type-borsmelding"],"acf":[],"jetpack_sharing_enabled":true,"_links":{"self":[{"href":"https:\/\/scana.no\/no\/wp-json\/wp\/v2\/news\/3619","targetHints":{"allow":["GET"]}}],"collection":[{"href":"https:\/\/scana.no\/no\/wp-json\/wp\/v2\/news"}],"about":[{"href":"https:\/\/scana.no\/no\/wp-json\/wp\/v2\/types\/news"}],"author":[{"embeddable":true,"href":"https:\/\/scana.no\/no\/wp-json\/wp\/v2\/users\/164"}],"wp:featuredmedia":[{"embeddable":true,"href":"https:\/\/scana.no\/no\/wp-json\/wp\/v2\/media\/2932"}],"wp:attachment":[{"href":"https:\/\/scana.no\/no\/wp-json\/wp\/v2\/media?parent=3619"}],"wp:term":[{"taxonomy":"category","embeddable":true,"href":"https:\/\/scana.no\/no\/wp-json\/wp\/v2\/categories?post=3619"},{"taxonomy":"news_type","embeddable":true,"href":"https:\/\/scana.no\/no\/wp-json\/wp\/v2\/news_type?post=3619"}],"curies":[{"name":"wp","href":"https:\/\/api.w.org\/{rel}","templated":true}]}}